{"id":687,"date":"2022-06-30T14:01:28","date_gmt":"2022-06-30T12:01:28","guid":{"rendered":"https:\/\/blog.vasco-electronics.pl\/?p=687"},"modified":"2026-02-03T13:41:31","modified_gmt":"2026-02-03T12:41:31","slug":"jezyk-minionkow","status":"publish","type":"post","link":"https:\/\/vasco-electronics.pl\/artykuly\/jezyki\/jezyk-minionkow\/","title":{"rendered":"J\u0119zyk Minionk\u00f3w"},"content":{"rendered":"<p>Gdy w 2010 na ekranach kin pojawi\u0142 si\u0119 film \u201eJak ukra\u015b\u0107 ksi\u0119\u017cyc\u201d, Minionki skrad\u0142y nam wszystkim serca. Te urocze stworzenia zaczyna\u0142y jako zwykli poplecznicy g\u0142\u00f3wnego bohatera, czyli Gru, ale widzowie polubili je tak bardzo, \u017ce sta\u0142y si\u0119 one gwiazdami sequeli.<\/p><div id=\"ez-toc-container\" class=\"ez-toc-v2_0_82_2 counter-hierarchy ez-toc-counter ez-toc-grey ez-toc-container-direction\">\n<p class=\"ez-toc-title\" style=\"cursor:inherit\">Spis Tre\u015bci:<\/p>\n<label for=\"ez-toc-cssicon-toggle-item-69ef3f9cbc1d4\" class=\"ez-toc-cssicon-toggle-label\"><span class=\"ez-toc-cssicon\"><span class=\"eztoc-hide\" style=\"display:none;\">Toggle<\/span><span class=\"ez-toc-icon-toggle-span\"><svg style=\"fill: #999;color:#999\" xmlns=\"http:\/\/www.w3.org\/2000\/svg\" class=\"list-377408\" width=\"20px\" height=\"20px\" viewBox=\"0 0 24 24\" fill=\"none\"><path d=\"M6 6H4v2h2V6zm14 0H8v2h12V6zM4 11h2v2H4v-2zm16 0H8v2h12v-2zM4 16h2v2H4v-2zm16 0H8v2h12v-2z\" fill=\"currentColor\"><\/path><\/svg><svg style=\"fill: #999;color:#999\" class=\"arrow-unsorted-368013\" xmlns=\"http:\/\/www.w3.org\/2000\/svg\" width=\"10px\" height=\"10px\" viewBox=\"0 0 24 24\" version=\"1.2\" baseProfile=\"tiny\"><path d=\"M18.2 9.3l-6.2-6.3-6.2 6.3c-.2.2-.3.4-.3.7s.1.5.3.7c.2.2.4.3.7.3h11c.3 0 .5-.1.7-.3.2-.2.3-.5.3-.7s-.1-.5-.3-.7zM5.8 14.7l6.2 6.3 6.2-6.3c.2-.2.3-.5.3-.7s-.1-.5-.3-.7c-.2-.2-.4-.3-.7-.3h-11c-.3 0-.5.1-.7.3-.2.2-.3.5-.3.7s.1.5.3.7z\"\/><\/svg><\/span><\/span><\/label><input type=\"checkbox\" style='display:none' id=\"ez-toc-cssicon-toggle-item-69ef3f9cbc1d4\"  aria-label=\"Prze\u0142\u0105cznik\" \/><nav><ul class='ez-toc-list ez-toc-list-level-1 ' ><li class='ez-toc-page-1 ez-toc-heading-level-2'><a class=\"ez-toc-link ez-toc-heading-1\" href=\"https:\/\/vasco-electronics.pl\/artykuly\/jezyki\/jezyk-minionkow\/#Po_jakiemu_mowia_Minionki\" >Po jakiemu m\u00f3wi\u0105 Minionki?<\/a><\/li><li class='ez-toc-page-1 ez-toc-heading-level-2'><a class=\"ez-toc-link ez-toc-heading-2\" href=\"https:\/\/vasco-electronics.pl\/artykuly\/jezyki\/jezyk-minionkow\/#Jezyk_Minionkow_to_slowa_zapozyczone_z_wielu_jezykow\" >J\u0119zyk Minionk\u00f3w to s\u0142owa zapo\u017cyczone z wielu j\u0119zyk\u00f3w<\/a><\/li><li class='ez-toc-page-1 ez-toc-heading-level-2'><a class=\"ez-toc-link ez-toc-heading-3\" href=\"https:\/\/vasco-electronics.pl\/artykuly\/jezyki\/jezyk-minionkow\/#Czy_lingwisci_analizuja_jezyk_Minionkow\" >Czy lingwi\u015bci analizuj\u0105 j\u0119zyk Minionk\u00f3w?<\/a><\/li><li class='ez-toc-page-1 ez-toc-heading-level-2'><a class=\"ez-toc-link ez-toc-heading-4\" href=\"https:\/\/vasco-electronics.pl\/artykuly\/jezyki\/jezyk-minionkow\/#Inne_fikcyjne_jezyki\" >Inne fikcyjne j\u0119zyki<\/a><ul class='ez-toc-list-level-3' ><li class='ez-toc-heading-level-3'><a class=\"ez-toc-link ez-toc-heading-5\" href=\"https:\/\/vasco-electronics.pl\/artykuly\/jezyki\/jezyk-minionkow\/#A_co_gdyby_przetlumaczyc_jezyk_Minionkow_na_polski\" >A co gdyby przet\u0142umaczy\u0107 j\u0119zyk Minionk\u00f3w na polski?<\/a><\/li><li class='ez-toc-page-1 ez-toc-heading-level-3'><a class=\"ez-toc-link ez-toc-heading-6\" href=\"https:\/\/vasco-electronics.pl\/artykuly\/jezyki\/jezyk-minionkow\/#Podsumowanie_w_jakim_jezyku_mowia_Minionki\" >Podsumowanie: w jakim j\u0119zyku m\u00f3wi\u0105 Minionki?<\/a><\/li><\/ul><\/li><\/ul><\/nav><\/div>\n\r\n<p>Najnowszy film z tej serii, \u201eMinionki: Wej\u015bcie Gru\u201d, zadebiutowa\u0142 na ekranach polskich kin 1 lipca. Og\u00f3lno\u015bwiatowa premiera mia\u0142a natomiast miejsce 16 czerwca. Film od razu sta\u0142 si\u0119 hitem zar\u00f3wno w\u015br\u00f3d fan\u00f3w, jak i krytyk\u00f3w.<\/p>\r\n<p>Im bardziej jednak uwielbiamy te urocze istoty, tym bardziej chcemy wiedzie\u0107, co one w\u0142a\u015bciwie m\u00f3wi\u0105. Pojawia si\u0119 wi\u0119c pytanie: w jakim j\u0119zyku m\u00f3wi\u0105 Minionki? Czy istnieje s\u0142ownik, kt\u00f3ry pomo\u017ce nam zrozumie\u0107 ich mow\u0119? Sprawd\u017amy zatem, czym jest j\u0119zyk minionk\u00f3w, i czy da si\u0119 go przet\u0142umaczy\u0107, na przyk\u0142ad, na polski.<\/p>\r\n\r\n<div class=\"faq-section\">\r\n<h3>FAQ:<\/h3>\r\n<h4 class=\"question1\">Po jakim j\u0119zyku m\u00f3wi\u0105 Minionki?<\/h4>\r\n<div class=\"answer1\">Minionki m\u00f3wi\u0105 w\u0142asnym j\u0119zykiem zwanym &#8222;Minionese&#8221; lub &#8222;Banana language&#8221;.<\/div>\r\n<h4 class=\"question2\">Czy Minionki gadaj\u0105 po hiszpa\u0144sku?<\/h4>\r\n<div class=\"answer2\">Minionki porozumiewaj\u0105 si\u0119 mow\u0105, kt\u00f3ra czerpie z wielu j\u0119zyk\u00f3w, m.in. z hiszpa\u0144skiego, angielskiego i korea\u0144skiego.<\/div>\r\n<h4 class=\"question3\">W jakim j\u0119zyku m\u00f3wi\u0105 stwory?<\/h4>\r\n<div class=\"answer3\">Minionki m\u00f3wi\u0105 w\u0142asnym j\u0119zykiem zwanym &#8222;Minionese&#8221; lub &#8222;Banana language&#8221;.<\/div>\r\n<h4 class=\"question4\">Jak powsta\u0142 Minionese?<\/h4>\r\n<div class=\"answer4\">Mowa Minionk\u00f3w zosta\u0142a stworzona przez re\u017cyser\u00f3w Pierre\u2019a Coffina i Chrisa Renauda, kt\u00f3rzy zaczerpn\u0119li s\u0142owa i zwroty z wielu j\u0119zyk\u00f3w, m.in. z hiszpa\u0144skiego, angielskiego i korea\u0144skiego.<\/div>\r\n<h4 class=\"question5\">Co oznacza Bello w Minionie?<\/h4>\r\n<div class=\"answer5\">&#8222;Bello&#8221; to s\u0142owo, kt\u00f3re Minionki u\u017cywaj\u0105 na powitanie.<\/div>\r\n<\/div>\r\n<p><a href=\"https:\/\/vasco-electronics.pl\/artykuly\/wp-content\/uploads\/2025\/09\/Blog_2026_Minions_02.jpg\"><img decoding=\"async\" class=\"alignnone size-full wp-image-4466\" src=\"https:\/\/vasco-electronics.pl\/artykuly\/wp-content\/uploads\/2025\/09\/Blog_2026_Minions_02.jpg\" alt=\"minionki d\u017cungla\" width=\"1200\" height=\"700\" srcset=\"https:\/\/vasco-electronics.pl\/artykuly\/wp-content\/uploads\/2025\/09\/Blog_2026_Minions_02.jpg 1200w, https:\/\/vasco-electronics.pl\/artykuly\/wp-content\/uploads\/2025\/09\/Blog_2026_Minions_02-980x572.jpg 980w, https:\/\/vasco-electronics.pl\/artykuly\/wp-content\/uploads\/2025\/09\/Blog_2026_Minions_02-480x280.jpg 480w\" sizes=\"(min-width: 0px) and (max-width: 480px) 480px, (min-width: 481px) and (max-width: 980px) 980px, (min-width: 981px) 1200px, 100vw\" \/><\/a><\/p>\r\n<h2><span class=\"ez-toc-section\" id=\"Po_jakiemu_mowia_Minionki\"><\/span>Po jakiemu m\u00f3wi\u0105 Minionki?<span class=\"ez-toc-section-end\"><\/span><\/h2>\r\n<p>Ta kwestia intryguje fan\u00f3w od wielu lat. Zdaje si\u0119, \u017ce j\u0119zyk minionk\u00f3w to po prostu zwyk\u0142y be\u0142kot. Okazuje si\u0119 jednak, \u017ce nie do ko\u0144ca\u2026<\/p>\r\n<p>Pierre Coffin i Chris Renaud, re\u017cyserowie film\u00f3w o Minionkach, stworzyli mow\u0119 tych istot przy pomocy s\u0142\u00f3w z r\u00f3\u017cnych istniej\u0105cych j\u0119zyk\u00f3w. Je\u015bli wi\u0119c zastanawiasz si\u0119, w jakim j\u0119zyku m\u00f3wi\u0105 Minionki, odpowied\u017a brzmi: w wielu. Najwa\u017cniejszy jest jednak fakt, \u017ce da si\u0119 go przet\u0142umaczy\u0107.<\/p>\r\n<h2><span class=\"ez-toc-section\" id=\"Jezyk_Minionkow_to_slowa_zapozyczone_z_wielu_jezykow\"><\/span>J\u0119zyk Minionk\u00f3w to s\u0142owa zapo\u017cyczone z wielu j\u0119zyk\u00f3w<span class=\"ez-toc-section-end\"><\/span><\/h2>\r\n<p>Pomimo \u017ce dla nas j\u0119zyk Minionk\u00f3w to tylko kilka s\u0142\u00f3w, to stworzenia te daj\u0105 rad\u0119 si\u0119 przy jego pomocy dogada\u0107. Gru, ich filmowy szef, cz\u0119sto korzysta ze s\u0142ownika, \u017ceby si\u0119 z nimi porozumie\u0107, ale gdy sam go u\u017cywa, to jest przez nie wy\u015bmiewany. Mo\u017cemy wi\u0119c za\u0142o\u017cy\u0107, \u017ce wewn\u0105trz filmowego uniwersum, j\u0119zyk Minionk\u00f3w, to co\u015b kompletnego i bardziej rozwini\u0119tego, ni\u017c kilka s\u0142\u00f3w.\u00a0<\/p>\r\n<p style=\"text-align: center;\"><strong><a class=\"btn btn-default\" href=\"https:\/\/vasco-electronics.pl\/translator\/vasco-translator-v4\">Prze\u0142am bariery j\u0119zykowe<\/a><\/strong><\/p>\r\n<p>Dla nas nie jest to jednak nic skomplikowanego. Fani zorientowali si\u0119, \u017ce wiele s\u0142\u00f3w i fraz, kt\u00f3re wypowiadaj\u0105 Minionki, tak naprawd\u0119 pochodz\u0105 m.in. z j\u0119zyka angielskiego, korea\u0144skiego, oraz j\u0119zyka Hindi.\u00a0 We\u017amy na przyk\u0142ad wyra\u017cenie <i>\u201eTank you\u201d<\/i>. Oznacza ono <i>\u201eDzi\u0119kuj\u0119\u201d<\/i> i zosta\u0142o oczywi\u015bcie zapo\u017cyczone z j\u0119zyka angielskiego. Okaza\u0142o si\u0119 r\u00f3wnie\u017c, \u017ce Minionki licz\u0105 po korea\u0144sku. <i>\u201eHana, Dul, Sae\u201d<\/i> to nic innego, jak <i>\u201eJeden, dwa, trzy\u201d<\/i>. Te urocze stworzenia maj\u0105 r\u00f3wnie\u017c wiele s\u0142\u00f3w okre\u015blaj\u0105cych potrawy. Czasem rozmawiaj\u0105 o <i>\u201epoulet tikka masala\u201d<\/i> (<i>poulet<\/i> \u2014 to francuskie s\u0142owo okre\u015blaj\u0105ce <i>kurczaka<\/i>, a <i>tikka masala<\/i> to z kolei danie indyjskie) oraz o <i>\u201egelato\u201d<\/i> (w\u0142oskie s\u0142owo okre\u015blaj\u0105ce lody).<\/p>\r\n<p>Poni\u017cej zobaczycie s\u0142ownik j\u0119zyka Minionk\u00f3w. Wyra\u017cenia zosta\u0142y przet\u0142umaczone na polski:<\/p>\r\n<table class=\" aligncenter\">\r\n<tbody>\r\n<tr>\r\n<td>\r\n<h4><b>Banana<\/b><\/h4>\r\n<\/td>\r\n<td>\r\n<h4><b>Polski<\/b><\/h4>\r\n<\/td>\r\n<\/tr>\r\n<tr>\r\n<td style=\"text-align: left;\">la boda<\/td>\r\n<td>\u015alub<\/td>\r\n<\/tr>\r\n<tr>\r\n<td>Papples<\/td>\r\n<td>Jab\u0142ka<\/td>\r\n<\/tr>\r\n<tr>\r\n<td>Bi-di<\/td>\r\n<td>Przepraszam<\/td>\r\n<\/tr>\r\n<tr>\r\n<td>Kampai<\/td>\r\n<td>Zdrowie<\/td>\r\n<\/tr>\r\n<tr>\r\n<td>Luk-at-tu<\/td>\r\n<td>Popatrz<\/td>\r\n<\/tr>\r\n<tr>\r\n<td>Muak muak muak?<\/td>\r\n<td>Ca\u0142us?<\/td>\r\n<\/tr>\r\n<tr>\r\n<td>Bello!<\/td>\r\n<td>Dzie\u0144 dobry!<\/td>\r\n<\/tr>\r\n<tr>\r\n<td>Poopaye!<\/td>\r\n<td>Do widzenia!<\/td>\r\n<\/tr>\r\n<tr>\r\n<td>Tank yu!<\/td>\r\n<td>Dzi\u0119ki!<\/td>\r\n<\/tr>\r\n<tr>\r\n<td>Me want banana!<\/td>\r\n<td>Jestem g\u0142odny!<\/td>\r\n<\/tr>\r\n<tr>\r\n<td>Bananonina!<\/td>\r\n<td>Brzydko!<\/td>\r\n<\/tr>\r\n<tr>\r\n<td>Underwear&#8230;<\/td>\r\n<td>Przysi\u0119gam&#8230;<\/td>\r\n<\/tr>\r\n<tr>\r\n<td>BEE DO BEE DO BEE DO!<\/td>\r\n<td>Ogie\u0144!<\/td>\r\n<\/tr>\r\n<tr>\r\n<td>Tulaliloo ti amo!<\/td>\r\n<td>Witamy!<\/td>\r\n<\/tr>\r\n<tr>\r\n<td>Tatata bala tu!<\/td>\r\n<td>Nienawidz\u0119 Ci\u0119!<\/td>\r\n<\/tr>\r\n<tr>\r\n<td>Baboi<\/td>\r\n<td>Zabawka<\/td>\r\n<\/tr>\r\n<tr>\r\n<td>Po ka<\/td>\r\n<td>Co<\/td>\r\n<\/tr>\r\n<tr>\r\n<td>Bable<\/td>\r\n<td>Jab\u0142ka<\/td>\r\n<\/tr>\r\n<tr>\r\n<td>Gelato<\/td>\r\n<td>Lody<\/td>\r\n<\/tr>\r\n<tr>\r\n<td>Butt<\/td>\r\n<td>Pupa<\/td>\r\n<\/tr>\r\n<tr>\r\n<td>Hana<\/td>\r\n<td>Jeden<\/td>\r\n<\/tr>\r\n<tr>\r\n<td>Dul<\/td>\r\n<td>Dwa<\/td>\r\n<\/tr>\r\n<tr>\r\n<td>Sae<\/td>\r\n<td>Trzy<\/td>\r\n<\/tr>\r\n<tr>\r\n<td>Para tu<\/td>\r\n<td>Dla Ciebie<\/td>\r\n<\/tr>\r\n<tr>\r\n<td>Chasy<\/td>\r\n<td>Krzes\u0142o<\/td>\r\n<\/tr>\r\n<\/tbody>\r\n<\/table>\r\n<p style=\"margin-top: 10px;\">Czy istnieje kto\u015b, kto t\u0142umaczy j\u0119zyk Minionk\u00f3w na polski? A mo\u017ce znajd\u0105 si\u0119 w ich j\u0119zyku jakie\u015b s\u0142owa zapo\u017cyczone w\u0142a\u015bnie z polskiego? Dajcie zna\u0107, czy jakie\u015b znale\u017ali\u015bcie.<\/p>\r\n<p><a href=\"https:\/\/vasco-electronics.pl\/artykuly\/wp-content\/uploads\/2025\/09\/Blog_2026_Minions_03.jpg\"><img decoding=\"async\" class=\"alignnone size-full wp-image-4467\" src=\"https:\/\/vasco-electronics.pl\/artykuly\/wp-content\/uploads\/2025\/09\/Blog_2026_Minions_03.jpg\" alt=\"g\u00f3ra banan\u00f3w na pla\u017cy\" width=\"1200\" height=\"700\" srcset=\"https:\/\/vasco-electronics.pl\/artykuly\/wp-content\/uploads\/2025\/09\/Blog_2026_Minions_03.jpg 1200w, https:\/\/vasco-electronics.pl\/artykuly\/wp-content\/uploads\/2025\/09\/Blog_2026_Minions_03-980x572.jpg 980w, https:\/\/vasco-electronics.pl\/artykuly\/wp-content\/uploads\/2025\/09\/Blog_2026_Minions_03-480x280.jpg 480w\" sizes=\"(min-width: 0px) and (max-width: 480px) 480px, (min-width: 481px) and (max-width: 980px) 980px, (min-width: 981px) 1200px, 100vw\" \/><\/a><\/p>\r\n<h2><span class=\"ez-toc-section\" id=\"Czy_lingwisci_analizuja_jezyk_Minionkow\"><\/span>Czy lingwi\u015bci analizuj\u0105 j\u0119zyk Minionk\u00f3w?<span class=\"ez-toc-section-end\"><\/span><\/h2>\r\n<p>W przeciwie\u0144stwie do wielu innych fikcyjnych j\u0119zyk\u00f3w mowa Minionk\u00f3w nie zosta\u0142a stworzona jako kompletny j\u0119zyk z w\u0142asn\u0105 sk\u0142adni\u0105, zasadami gramatycznymi i alfabetem.\u00a0<\/p>\r\n<p>Tw\u00f3rcy chcieli, \u017ceby j\u0119zyk Minionk\u00f3w przypomina\u0142 spos\u00f3b, w jaki porozumiewaj\u0105 si\u0119 dzieci. Mia\u0142o to by\u0107 raczej zabawne, a nie skomplikowane.<\/p>\r\n<p>Niemniej jednak wraz z nowymi filmami, pojawia\u0142y si\u0119 te\u017c nowe s\u0142owa. Teraz ich jest ich tyle, \u017ce mowa Minionk\u00f3w naprawd\u0119 przypomina prawdziwy j\u0119zyk.<\/p>\r\n<h2><span class=\"ez-toc-section\" id=\"Inne_fikcyjne_jezyki\"><\/span>Inne fikcyjne j\u0119zyki<span class=\"ez-toc-section-end\"><\/span><\/h2>\r\n<p>Pomimo \u017ce j\u0119zyk Minionk\u00f3w to bardziej koncepcja, ni\u017c kompletny tw\u00f3r lingwistyczny, to w kulturze popularnej mamy wiele j\u0119zyk\u00f3w stworzonych na potrzeby ksi\u0105\u017cek, film\u00f3w, lub seriali telewizyjnych, kt\u00f3re bardzo przypominaj\u0105 autentyczne j\u0119zyki.<\/p>\r\n<p>Cz\u0119sto autorzy pracowali nad swoimi j\u0119zykami z lingwistami, aby jak najbardziej przypomina\u0142y one te, kt\u00f3rymi pos\u0142ugujemy si\u0119 naprawd\u0119. Oznacza to, \u017ce wiele wymy\u015blonych j\u0119zyk\u00f3w ma w\u0142asn\u0105 sk\u0142adni\u0119, zasady gramatyczne, czy nawet alfabet i akcenty!<\/p>\r\n<p>W kulturze istnieje wiele \u015bwietnych przyk\u0142ad\u00f3w takich j\u0119zyk\u00f3w. Poni\u017cej przyjrzymy si\u0119 tym najpopularniejszym:<\/p>\r\n<ul>\r\n<li style=\"font-weight: 400;\" aria-level=\"1\"><b>J\u0119zyk elficki stworzony przez J.R.R Tolkiena na potrzeby <\/b><b><i>\u201eW\u0142adcy Pier\u015bcieni\u201d<\/i><\/b>. Poniewa\u017c Tolkien zna\u0142 wiele j\u0119zyk\u00f3w, by\u0142 on w stanie stworzy\u0107 j\u0119zyk, kt\u00f3ry mia\u0142 sp\u00f3jne zasady gramatyczne, sk\u0142adni\u0119 oraz unikalny alfabet. Mamy dwa g\u0142\u00f3wne j\u0119zyki elfickie: <i>Quenya<\/i> oraz <i>Sindarin<\/i>. Pierwszy z nich jest inspirowany fi\u0144skim, a drugi \u2014 walijskim. Wielu fan\u00f3w na ca\u0142ym \u015bwiecie bada j\u0119zyk elficki i potrafi si\u0119 nim p\u0142ynnie pos\u0142ugiwa\u0107.<\/li>\r\n<li><b>J\u0119zyk klingo\u0144ski wyst\u0119puj\u0105cy w uniwersum <\/b><b><i>\u201eStar Treka\u201d<\/i><\/b><b>.<\/b> J\u0119zykiem tym pos\u0142uguje si\u0119 rasa Klingon\u00f3w, a jego s\u0142ownictwo to w wi\u0119kszo\u015bci s\u0142owa zwi\u0105zane z wojn\u0105 lub statkami kosmicznymi. To dlatego wi\u0119kszo\u015bci fan\u00f3w trudno si\u0119 nim p\u0142ynnie pos\u0142ugiwa\u0107.<\/li>\r\n<li style=\"font-weight: 400;\" aria-level=\"1\"><b>J\u0119zyk Dothrak\u00f3w z serialu <\/b><b><i>\u201eGra o tron\u201d<\/i><\/b>. J\u0119zyk ten stworzy\u0142 David J. Peterson, czyli re\u017cyser serialu. Pos\u0142uguje si\u0119 nim nomadyczne plemi\u0119 o tej samej nazwie. Pomimo \u017ce j\u0119zyk Dothrak\u00f3w mia\u0142 w zamy\u015ble by\u0107 kompletnym j\u0119zykiem, to jego s\u0142ownictwo sk\u0142ada si\u0119 z zaledwie kilku tysi\u0119cy s\u0142\u00f3w.\u00a0<\/li>\r\n<\/ul>\r\n<p>Jak wida\u0107, istnieje wiele fikcyjnych j\u0119zyk\u00f3w, kt\u00f3re funkcjonuj\u0105 tak jak te prawdziwe. Co wi\u0119cej, niekt\u00f3rzy fani potrafi\u0105 sami je rozwija\u0107. Sprawia to, \u017ce j\u0119zyki te ca\u0142y czas \u017cyj\u0105 i si\u0119 zmieniaj\u0105, zupe\u0142nie tak jak te prawdziwe.\u00a0<\/p>\r\n<h3><span class=\"ez-toc-section\" id=\"A_co_gdyby_przetlumaczyc_jezyk_Minionkow_na_polski\"><\/span>A co gdyby przet\u0142umaczy\u0107 j\u0119zyk Minionk\u00f3w na polski?<span class=\"ez-toc-section-end\"><\/span><\/h3>\r\n<p>Wracaj\u0105c do naszego g\u0142\u00f3wnego tematu, warto zapyta\u0107, czy istnieje <a href='https:\/\/vasco-electronics.pl\/translator\/'>t\u0142umacz<\/a>, kt\u00f3ry przek\u0142ada j\u0119zyk Minionk\u00f3w na polski? W 2010 Best Buy stworzy\u0142 aplikacj\u0119 o nazwie \u201eBest Buy Movie Mode\u201d, kt\u00f3ry pozwala\u0142 na t\u0142umaczenie dialog\u00f3w Minionk\u00f3w w filmie \u201eJak ukra\u015b\u0107 ksi\u0119\u017cyc?\u201d. Nie wiadomo jednak do ko\u0144ca, czy aplikacja pozwala\u0142a na t\u0142umaczenie na jakikolwiek j\u0119zyk poza angielskim.<\/p>\r\n<p>Mo\u017cna jednak t\u0142umaczy\u0107 j\u0119zyk Minionk\u00f3w na polski samodzielnie. I nie jest to takie trudne! Mo\u017cesz to przecie\u017c zrobi\u0107 na podstawie s\u0142ownika, kt\u00f3ry t\u0142umaczy mow\u0119 tych stworze\u0144 z angielskiego.\u00a0<\/p>\r\n<p><a href=\"https:\/\/vasco-electronics.pl\/artykuly\/wp-content\/uploads\/2025\/09\/Blog_2026_Minions_04.jpg\"><img decoding=\"async\" class=\"alignnone size-full wp-image-4468\" src=\"https:\/\/vasco-electronics.pl\/artykuly\/wp-content\/uploads\/2025\/09\/Blog_2026_Minions_04.jpg\" alt=\"minionki\" width=\"1200\" height=\"700\" srcset=\"https:\/\/vasco-electronics.pl\/artykuly\/wp-content\/uploads\/2025\/09\/Blog_2026_Minions_04.jpg 1200w, https:\/\/vasco-electronics.pl\/artykuly\/wp-content\/uploads\/2025\/09\/Blog_2026_Minions_04-980x572.jpg 980w, https:\/\/vasco-electronics.pl\/artykuly\/wp-content\/uploads\/2025\/09\/Blog_2026_Minions_04-480x280.jpg 480w\" sizes=\"(min-width: 0px) and (max-width: 480px) 480px, (min-width: 481px) and (max-width: 980px) 980px, (min-width: 981px) 1200px, 100vw\" \/><\/a><\/p>\r\n<h3><span class=\"ez-toc-section\" id=\"Podsumowanie_w_jakim_jezyku_mowia_Minionki\"><\/span>Podsumowanie: w jakim j\u0119zyku m\u00f3wi\u0105 Minionki?<span class=\"ez-toc-section-end\"><\/span><\/h3>\r\n<p>J\u0119zyk Minionk\u00f3w nie jest pe\u0142nym tworem, takim jak chocia\u017cby elficki Tolkiena, ale nie oznacza to, \u017ce nie mo\u017cesz si\u0119 przy jego pomocy z nikim porozumie\u0107. Co wi\u0119cej, nauka mowy tych stworze\u0144 z pewno\u015bci\u0105 da to mo\u017cliwo\u015b\u0107 nauczenia si\u0119 wielu s\u0142\u00f3wek z innych j\u0119zyk\u00f3w.<\/p>\r\n<p><i>\u201eMinionki: Wej\u015bciu Gru\u201d<\/i> jest ju\u017c w kinach. To \u015bwietna okazja do tego, aby nauczy\u0107 si\u0119 j\u0119zyka Minionk\u00f3w, aby podczas seansu zrozumie\u0107, o czym te urocze stworzenia m\u00f3wi\u0105. Nie b\u0119dziesz ju\u017c potrzebowa\u0107 \u017cadnej aplikacji, kt\u00f3ra t\u0142umaczy j\u0119zyk Minionk\u00f3w na polski, czy t\u0142umacza, kt\u00f3ry wyspecjalizowa\u0142 si\u0119 w j\u0119zyku tych stworze\u0144.\u00a0<\/p>\r\n<p><!--- Summary + Q&A---><\/p>\r\n<h3 style=\"margin-top: 40px; border-top: solid lightgray 1px; padding-top: 10px;\">W pigu\u0142ce:<\/h3>\r\n<p>J\u0119zyk Minion\u00f3w to mieszanka r\u00f3\u017cnych j\u0119zyk\u00f3w po\u0142\u0105czonych razem, aby stworzy\u0107 zabawn\u0105 mow\u0119, kt\u00f3ra brzmi jak mowa dziecka. Mimo \u017ce nie jest to pe\u0142noprawny j\u0119zyk, re\u017cyserzy film\u00f3w o Minionkach stworzyli sp\u00f3jny zestaw s\u0142\u00f3w i zwrot\u00f3w, kt\u00f3rych fani mog\u0105 u\u017cywa\u0107 do komunikacji mi\u0119dzy sob\u0105. Nie ma oficjalnego t\u0142umacza dla j\u0119zyka Minionk\u00f3w, ale fani mog\u0105 si\u0119 go nauczy\u0107, ogl\u0105daj\u0105c filmy i programy telewizyjne z udzia\u0142em Minionk\u00f3w.<\/p>","protected":false},"excerpt":{"rendered":"<p>Gdy w 2010 na ekranach kin pojawi\u0142 si\u0119 film \u201eJak ukra\u015b\u0107 ksi\u0119\u017cyc\u201d, Minionki skrad\u0142y nam wszystkim serca. Te urocze stworzenia zaczyna\u0142y jako zwykli poplecznicy g\u0142\u00f3wnego bohatera, czyli Gru, ale widzowie polubili je tak bardzo, \u017ce sta\u0142y si\u0119 one gwiazdami sequeli. Najnowszy film z tej serii, \u201eMinionki: Wej\u015bcie Gru\u201d, zadebiutowa\u0142 na ekranach polskich kin 1 lipca. [&hellip;]<\/p>\n","protected":false},"author":9,"featured_media":4395,"comment_status":"closed","ping_status":"closed","sticky":false,"template":"","format":"standard","meta":{"_et_pb_use_builder":"","_et_pb_old_content":"","_et_gb_content_width":"","footnotes":""},"categories":[24],"tags":[142],"class_list":["post-687","post","type-post","status-publish","format-standard","has-post-thumbnail","hentry","category-jezyki","tag-r-faber"],"_links":{"self":[{"href":"https:\/\/vasco-electronics.pl\/artykuly\/wp-json\/wp\/v2\/posts\/687","targetHints":{"allow":["GET"]}}],"collection":[{"href":"https:\/\/vasco-electronics.pl\/artykuly\/wp-json\/wp\/v2\/posts"}],"about":[{"href":"https:\/\/vasco-electronics.pl\/artykuly\/wp-json\/wp\/v2\/types\/post"}],"author":[{"embeddable":true,"href":"https:\/\/vasco-electronics.pl\/artykuly\/wp-json\/wp\/v2\/users\/9"}],"replies":[{"embeddable":true,"href":"https:\/\/vasco-electronics.pl\/artykuly\/wp-json\/wp\/v2\/comments?post=687"}],"version-history":[{"count":22,"href":"https:\/\/vasco-electronics.pl\/artykuly\/wp-json\/wp\/v2\/posts\/687\/revisions"}],"predecessor-version":[{"id":4488,"href":"https:\/\/vasco-electronics.pl\/artykuly\/wp-json\/wp\/v2\/posts\/687\/revisions\/4488"}],"wp:featuredmedia":[{"embeddable":true,"href":"https:\/\/vasco-electronics.pl\/artykuly\/wp-json\/wp\/v2\/media\/4395"}],"wp:attachment":[{"href":"https:\/\/vasco-electronics.pl\/artykuly\/wp-json\/wp\/v2\/media?parent=687"}],"wp:term":[{"taxonomy":"category","embeddable":true,"href":"https:\/\/vasco-electronics.pl\/artykuly\/wp-json\/wp\/v2\/categories?post=687"},{"taxonomy":"post_tag","embeddable":true,"href":"https:\/\/vasco-electronics.pl\/artykuly\/wp-json\/wp\/v2\/tags?post=687"}],"curies":[{"name":"wp","href":"https:\/\/api.w.org\/{rel}","templated":true}]}}