{"id":1303,"date":"2022-12-05T18:42:19","date_gmt":"2022-12-05T17:42:19","guid":{"rendered":"https:\/\/blog.vasco-electronics.pl\/?p=1303"},"modified":"2024-12-24T11:37:40","modified_gmt":"2024-12-24T10:37:40","slug":"gitex-japan-it-week-good-design-award","status":"publish","type":"post","link":"https:\/\/vasco-electronics.pl\/artykuly\/vasco\/gitex-japan-it-week-good-design-award\/","title":{"rendered":"Pracowita jesie\u0144 w Vasco Electronics: GITEX, Japan IT Week i Good Design Award."},"content":{"rendered":"<p><span style=\"font-weight: 400;\">Rok 2022 okaza\u0142 si\u0119 bardzo pracowity. W pe\u0142ni odczuli\u015bmy to jednak dopiero, gdy przysz\u0142a jesie\u0144. Kr\u00f3tko po powrocie z Berlina, gdzie uczestniczyli\u015bmy w targach IFA, polecieli\u015bmy do Dubaju na <\/span><b>GITEX<\/b><span style=\"font-weight: 400;\">. A zaraz potem przysz\u0142a pora na <\/span><b>Japan IT Week<\/b><span style=\"font-weight: 400;\">.<\/span><\/p><div id=\"ez-toc-container\" class=\"ez-toc-v2_0_82_2 counter-hierarchy ez-toc-counter ez-toc-grey ez-toc-container-direction\">\n<p class=\"ez-toc-title\" style=\"cursor:inherit\">Spis Tre\u015bci:<\/p>\n<label for=\"ez-toc-cssicon-toggle-item-69f40e1f2fa48\" class=\"ez-toc-cssicon-toggle-label\"><span class=\"ez-toc-cssicon\"><span class=\"eztoc-hide\" style=\"display:none;\">Toggle<\/span><span class=\"ez-toc-icon-toggle-span\"><svg style=\"fill: #999;color:#999\" xmlns=\"http:\/\/www.w3.org\/2000\/svg\" class=\"list-377408\" width=\"20px\" height=\"20px\" viewBox=\"0 0 24 24\" fill=\"none\"><path d=\"M6 6H4v2h2V6zm14 0H8v2h12V6zM4 11h2v2H4v-2zm16 0H8v2h12v-2zM4 16h2v2H4v-2zm16 0H8v2h12v-2z\" fill=\"currentColor\"><\/path><\/svg><svg style=\"fill: #999;color:#999\" class=\"arrow-unsorted-368013\" xmlns=\"http:\/\/www.w3.org\/2000\/svg\" width=\"10px\" height=\"10px\" viewBox=\"0 0 24 24\" version=\"1.2\" baseProfile=\"tiny\"><path d=\"M18.2 9.3l-6.2-6.3-6.2 6.3c-.2.2-.3.4-.3.7s.1.5.3.7c.2.2.4.3.7.3h11c.3 0 .5-.1.7-.3.2-.2.3-.5.3-.7s-.1-.5-.3-.7zM5.8 14.7l6.2 6.3 6.2-6.3c.2-.2.3-.5.3-.7s-.1-.5-.3-.7c-.2-.2-.4-.3-.7-.3h-11c-.3 0-.5.1-.7.3-.2.2-.3.5-.3.7s.1.5.3.7z\"\/><\/svg><\/span><\/span><\/label><input type=\"checkbox\" style='display:none' id=\"ez-toc-cssicon-toggle-item-69f40e1f2fa48\"  aria-label=\"Prze\u0142\u0105cznik\" \/><nav><ul class='ez-toc-list ez-toc-list-level-1 ' ><li class='ez-toc-page-1 ez-toc-heading-level-2'><a class=\"ez-toc-link ez-toc-heading-1\" href=\"https:\/\/vasco-electronics.pl\/artykuly\/vasco\/gitex-japan-it-week-good-design-award\/#Good_Design_Award\" >Good Design Award<\/a><\/li><li class='ez-toc-page-1 ez-toc-heading-level-2'><a class=\"ez-toc-link ez-toc-heading-2\" href=\"https:\/\/vasco-electronics.pl\/artykuly\/vasco\/gitex-japan-it-week-good-design-award\/#Targi_GITEX_%E2%80%94_co_to_takiego\" >Targi GITEX \u2014 co to takiego?<\/a><\/li><li class='ez-toc-page-1 ez-toc-heading-level-2'><a class=\"ez-toc-link ez-toc-heading-3\" href=\"https:\/\/vasco-electronics.pl\/artykuly\/vasco\/gitex-japan-it-week-good-design-award\/#Vasco_Electronics_na_GITEX_%E2%80%94_co_nam_to_dalo\" >Vasco Electronics na GITEX \u2014 co nam to da\u0142o?<\/a><\/li><li class='ez-toc-page-1 ez-toc-heading-level-2'><a class=\"ez-toc-link ez-toc-heading-4\" href=\"https:\/\/vasco-electronics.pl\/artykuly\/vasco\/gitex-japan-it-week-good-design-award\/#Japan_IT_Week_Autumn\" >Japan IT Week Autumn<\/a><\/li><li class='ez-toc-page-1 ez-toc-heading-level-2'><a class=\"ez-toc-link ez-toc-heading-5\" href=\"https:\/\/vasco-electronics.pl\/artykuly\/vasco\/gitex-japan-it-week-good-design-award\/#Podsumowanie\" >Podsumowanie<\/a><\/li><\/ul><\/nav><\/div>\n\n<div class=\"faq-section\">\n<h3>FAQ:<\/h3>\n<h4 class=\"question1\">Jakie korzy\u015bci przynios\u0142o Vasco Electronics udzia\u0142 w Japan IT Week Autumn 2022?<\/h4>\n<div class=\"answer1\">Vasco Electronics uczestnicz\u0105c w Japan IT Week Autumn 2022 mia\u0142o okazj\u0119 zaprezentowa\u0107 swoje produkty i technologie japo\u0144skim klientom oraz nawi\u0105za\u0107 nowe kontakty biznesowe. Firma spotka\u0142a si\u0119 z du\u017cym zainteresowaniem ze strony odwiedzaj\u0105cych targi, co pozwoli\u0142o na zwi\u0119kszenie \u015bwiadomo\u015bci marki i promocj\u0119 produkt\u00f3w na rynku japo\u0144skim. Ponadto, udzia\u0142 w targach umo\u017cliwi\u0142 Vasco Electronics poznanie najnowszych trend\u00f3w i rozwi\u0105za\u0144 w bran\u017cy IT oraz zdobycie cennych informacji na temat potrzeb i oczekiwa\u0144 klient\u00f3w z Japonii.<\/div>\n<h4 class=\"question2\">Jakie nagrody otrzyma\u0142 <a href='https:\/\/vasco-electronics.pl\/translator\/vasco-translator-v4'>Vasco Translator V4<\/a> i jakie wydarzenia przyczyni\u0142y si\u0119 do zwi\u0119kszenia \u015bwiadomo\u015bci marki Vasco Electronics?<\/h4>\n<div class=\"answer2\"><a href='https:\/\/vasco-electronics.pl\/translator\/vasco-translator-v4'>Vasco Translator V4<\/a> otrzyma\u0142 nagrod\u0119 za innowacyjno\u015b\u0107 na targach CES 2019, a Vasco Electronics zdoby\u0142 tytu\u0142 Firma Roku w konkursie Polska Innowacyjna.<\/div>\n<h4 class=\"question3\">Jakie wydarzenia mia\u0142y miejsce jesieni\u0105 2022 i jakie nagrody otrzyma\u0142 <a href='https:\/\/vasco-electronics.pl\/translator\/vasco-translator-v4'>Vasco Translator V4<\/a>, kt\u00f3re przyczyni\u0142y si\u0119 do zwi\u0119kszenia \u015bwiadomo\u015bci marki Vasco Electronics?<\/h4>\n<div class=\"answer3\">W jesieni 2022 <a href='https:\/\/vasco-electronics.pl\/translator\/vasco-translator-v4'>Vasco Translator V4<\/a> zdoby\u0142 nagrody na targach elektronicznych, co zwi\u0119kszy\u0142o \u015bwiadomo\u015b\u0107 marki Vasco Electronics.<\/div>\n<\/div>\n<h2><span class=\"ez-toc-section\" id=\"Good_Design_Award\"><\/span>Good Design Award<span class=\"ez-toc-section-end\"><\/span><\/h2>\n<p><span style=\"font-weight: 400;\">Jesie\u0144 2022 nie b\u0119dzie nam si\u0119 kojarzy\u0107 jedynie z prac\u0105. <a href='https:\/\/vasco-electronics.pl\/translator\/vasco-translator-v4'>Vasco Translator V4<\/a> otrzyma\u0142 bowiem na pocz\u0105tku pa\u017adziernika <\/span><b>Good Design Award<\/b><span style=\"font-weight: 400;\">, czyli jedn\u0105 z najstarszych i najbardziej presti\u017cowych nagr\u00f3d technologicznych!<\/span><\/p>\n<p><span style=\"font-weight: 400;\">Nagroda ta jest sponsorowana przez <\/span><i><span style=\"font-weight: 400;\">Japan Institute of Design Promotion<\/span><\/i><span style=\"font-weight: 400;\"> i przyznaje si\u0119 j\u0105 produktom, kt\u00f3re odznaczaj\u0105 si\u0119 na tle innych wyj\u0105tkowym designem. Jeste\u015bmy bardzo dumni z faktu, \u017ce <a href='https:\/\/vasco-electronics.pl\/translator\/vasco-translator-v4'>Vasco Translator V4<\/a> zosta\u0142 po raz kolejny doceniony tak presti\u017cow\u0105 nagrod\u0105.<\/span><\/p>\n<p><span style=\"font-weight: 400;\">Dowodzi to r\u00f3wnie\u017c faktu, \u017ce nasz zesp\u00f3\u0142 designerski wykonuje naprawd\u0119 \u015bwietn\u0105 prac\u0119 na \u015bwiatowym poziomie!\u00a0<\/span><\/p>\n<p><span style=\"font-weight: 400;\">I chocia\u017c staramy si\u0119 zachowa\u0107 skromno\u015b\u0107, to jednak mamy nadziej\u0119, \u017ce to nie ostatnia taka nagroda w naszej karierze \ud83d\ude42\u00a0<\/span><\/p>\n<p style=\"text-align: center;\"><strong><a class=\"btn btn-default\" href=\"https:\/\/vasco-electronics.pl\/translator\/vasco-translator-v4\">Prze\u0142am bariery j\u0119zykowe<\/a><\/strong><\/p>\n<h2><span class=\"ez-toc-section\" id=\"Targi_GITEX_%E2%80%94_co_to_takiego\"><\/span>Targi GITEX \u2014 co to takiego?<span class=\"ez-toc-section-end\"><\/span><\/h2>\n<p><span style=\"font-weight: 400;\">S\u0105 to jedne z najwi\u0119kszych i najbardziej presti\u017cowych targ\u00f3w technologicznych na \u015bwiecie. Odbywaj\u0105 si\u0119 co roku w Dubaju i przyci\u0105gaj\u0105 rzesze ma\u0142ych i du\u017cych firm, inwestor\u00f3w oraz fan\u00f3w nowoczesnych technologii.\u00a0<\/span><\/p>\n<p><span style=\"font-weight: 400;\">GITEX odwiedzaj\u0105 zar\u00f3wno ma\u0142e startupy, jak i \u015bwiatowi giganci. W poprzednich latach na targach go\u015bci\u0142y takie firmy jak Microsoft, Dell i Red Hat.<\/span><\/p>\n<p><span style=\"font-weight: 400;\">W tym roku GITEX trwa\u0142 od 10 do 14 pa\u017adziernika. Du\u017co si\u0119 w tym czasie dzia\u0142o, a go\u015bcie mieli okazje do\u015bwiadczy\u0107 na w\u0142asnej sk\u00f3rze najbardziej nowoczesnych technologii na ca\u0142ym \u015bwiecie.<\/span><\/p>\n<p><img decoding=\"async\" class=\"alignnone wp-image-1342 size-full\" src=\"https:\/\/vasco-electronics.pl\/artykuly\/wp-content\/uploads\/2022\/12\/img_5506_optimized-scaled-1.webp\" alt=\"Pracowita jesie\u0144 w Vasco Electronics: Zesp\u00f3\u0142 Vasco na targach w Dubaju.\" width=\"2294\" height=\"2560\" \/><\/p>\n<h2><span class=\"ez-toc-section\" id=\"Vasco_Electronics_na_GITEX_%E2%80%94_co_nam_to_dalo\"><\/span>Vasco Electronics na GITEX \u2014 co nam to da\u0142o?<span class=\"ez-toc-section-end\"><\/span><\/h2>\n<p><span style=\"font-weight: 400;\">Nasz produkt zainteresowa\u0142 wielu go\u015bci na targach. Vasco Translator przyku\u0142 uwag\u0119 nie tylko prywatnych klient\u00f3w, ale r\u00f3wnie\u017c biznesmen\u00f3w i przedstawicieli rz\u0105du.\u00a0<\/span><\/p>\n<p><i><span style=\"font-weight: 400;\">Nasz produkt zyska\u0142 du\u017c\u0105 popularno\u015b\u0107 w\u015br\u00f3d uczestnik\u00f3w GITEX-u. Wielu z nich mo\u017ce w przysz\u0142o\u015bci zosta\u0107 naszymi partnerami biznesowymi<\/span><\/i><span style=\"font-weight: 400;\"> \u2014 <\/span><b>relacjonuje Paulina, cz\u0142onkini zespo\u0142u Vasco na GITEX<\/b><span style=\"font-weight: 400;\"> \u2014 <\/span><i><span style=\"font-weight: 400;\">Wi\u0119kszo\u015b\u0107 ludzi odwiedzaj\u0105cych nasze stoisko by\u0142a zaskoczona tak du\u017c\u0105 ilo\u015bci\u0105 j\u0119zyk\u00f3w w naszych urz\u0105dzeniach. Zw\u0142aszcza \u017ce inni producenci nie oferuj\u0105 a\u017c tyle.<\/span><\/i><\/p>\n<p><span style=\"font-weight: 400;\">Odpowiadali\u015bmy na wiele pyta\u0144 i testowali\u015bmy nasz produkt w wymagaj\u0105cych warunkach. Nasz <a href='https:\/\/vasco-electronics.pl\/translator\/'>t\u0142umacz<\/a> \u015bwietnie sobie radzi\u0142, a nasi go\u015bcie chcieli wiedzie\u0107 o nim jeszcze wi\u0119cej.<\/span><\/p>\n<p><i><span style=\"font-weight: 400;\">Wielu z go\u015bci wraca\u0142o do naszego stoiska, cz\u0119sto przyprowadzaj\u0105c znajomych i przyjaci\u00f3\u0142, kt\u00f3rym chcieli pokaza\u0107 nasz produkt<\/span><\/i><span style=\"font-weight: 400;\"> \u2014 <\/span><b>wspomina Wojtek, cz\u0142onek zespo\u0142u Vasco na GITEX<\/b><span style=\"font-weight: 400;\">.\u00a0<\/span><\/p>\n<p><span style=\"font-weight: 400;\">Warto r\u00f3wnie\u017c doda\u0107, \u017ce GITEX by\u0142 \u015bwietn\u0105 okazj\u0105 do zebrania konstruktywnego feedbacku od klient\u00f3w. Dzi\u0119ki temu wiemy, na czym skupi\u0107 si\u0119 tworz\u0105c kolejne rozwi\u0105zania.<\/span><\/p>\n<h2><span class=\"ez-toc-section\" id=\"Japan_IT_Week_Autumn\"><\/span>Japan IT Week Autumn<span class=\"ez-toc-section-end\"><\/span><\/h2>\n<p><span style=\"font-weight: 400;\">Po targach GITEX przyszed\u0142 czas na <\/span><b>Japan IT Week Autumn<\/b><span style=\"font-weight: 400;\">. Wydarzenie to odby\u0142o si\u0119 w Makuhari Messe, centrum kongresowym po\u0142o\u017conym niedaleko Tokio, a trwa\u0142o od 26 do 28 pa\u017adziernika.<\/span><\/p>\n<p><span style=\"font-weight: 400;\">Japan IT Week sk\u0142ada\u0142 si\u0119 z 11 wystaw, w tym m.in. z IoT &amp; 5G Solutions Expo, Web &amp; Digital Marketing Expo oraz Software &amp; Apps Development Expo.\u00a0<\/span><\/p>\n<p><span style=\"font-weight: 400;\">Same targi by\u0142y dla nas \u015bwietn\u0105 okazj\u0105 do zwi\u0119kszenia \u015bwiadomo\u015bci marki na tamtejszym rynku. Pierwszy raz zaistnieli\u015bmy w Japonii, gdy <a href='https:\/\/vasco-electronics.pl\/translator\/vasco-translator-m3'>Vasco Translator M3<\/a> zosta\u0142o zaprezentowane na platformie crowdfundingowej Makuake. Sprzedali\u015bmy w\u00f3wczas 970 egzemplarzy tego urz\u0105dzenia.<\/span><\/p>\n<h2><span class=\"ez-toc-section\" id=\"Podsumowanie\"><\/span><strong>Podsumowanie <\/strong><span class=\"ez-toc-section-end\"><\/span><\/h2>\n<p><span style=\"font-weight: 400;\">Pomimo \u017ce tegoroczna jesie\u0144 przynios\u0142a naprawd\u0119 sporo pracy, to wynikn\u0119\u0142o z niej du\u017co dobrego dla Vasco Electronics.\u00a0<\/span><\/p>\n<p><span style=\"font-weight: 400;\">Zar\u00f3wno <\/span><b>GITEX<\/b><span style=\"font-weight: 400;\">, jak i <\/span><b>Japan IT Week Autumn<\/b><span style=\"font-weight: 400;\"> to wa\u017cne wydarzenia, dzi\u0119ki kt\u00f3rym mo\u017cemy dalej budowa\u0107 rozpoznawalno\u015b\u0107 marki na bardzo wp\u0142ywowych rynkach.\u00a0<\/span><\/p>\n<p><b>Good Design Award<\/b><span style=\"font-weight: 400;\"> to z kolei dow\u00f3d na to, \u017ce projektujemy najlepsze t\u0142umacze mowy na \u015bwiecie!\u00a0<\/span><\/p>\n<p><img decoding=\"async\" class=\"alignnone wp-image-1341 size-full\" src=\"https:\/\/vasco-electronics.pl\/artykuly\/wp-content\/uploads\/2022\/12\/Image_20221027_184521_066.webp\" alt=\"\" width=\"1560\" height=\"1040\" \/><br \/>\n<!--- Summary + Q&A---><\/p>\n<h3 style=\"margin-top: 40px; border-top: solid lightgray 1px; padding-top: 10px;\">W pigu\u0142ce:<\/h3>\n<p>Jesie\u0144 2022 by\u0142a bardzo pracowita dla Vasco Electronics, kt\u00f3ra uczestniczy\u0142a w wielu presti\u017cowych wydarzeniach, takich jak targi GITEX w Dubaju czy Japan IT Week Autumn w Tokio. W mi\u0119dzyczasie firma otrzyma\u0142a tak\u017ce Good Design Award za <a href='https:\/\/vasco-electronics.pl\/translator\/vasco-translator-v4'>Vasco Translator V4<\/a>, co jest dowodem na \u015bwietn\u0105 prac\u0119 zespo\u0142u designerskiego. Na targach GITEX Vasco Translator przyci\u0105gn\u0105\u0142 uwag\u0119 wielu go\u015bci, w tym biznesmen\u00f3w i przedstawicieli rz\u0105du, co mo\u017ce przyczyni\u0107 si\u0119 do nawi\u0105zania przysz\u0142ych partnerstw biznesowych. Japan IT Week Autumn by\u0142o dla Vasco Electronics okazj\u0105 do zwi\u0119kszenia \u015bwiadomo\u015bci marki na japo\u0144skim rynku. Og\u00f3lnie jesie\u0144 2022 przynios\u0142a wiele dobrego dla Vasco Electronics i pozwoli\u0142a na dalsze budowanie rozpoznawalno\u015bci marki na wp\u0142ywowych rynkach.<\/p>\n","protected":false},"excerpt":{"rendered":"<p>Rok 2022 okaza\u0142 si\u0119 bardzo pracowity. W pe\u0142ni odczuli\u015bmy to jednak dopiero, gdy przysz\u0142a jesie\u0144. Kr\u00f3tko po powrocie z Berlina, gdzie uczestniczyli\u015bmy w targach IFA, polecieli\u015bmy do Dubaju na GITEX. A zaraz potem przysz\u0142a pora na Japan IT Week. FAQ: Jakie korzy\u015bci przynios\u0142o Vasco Electronics udzia\u0142 w Japan IT Week Autumn 2022? Vasco Electronics uczestnicz\u0105c [&hellip;]<\/p>\n","protected":false},"author":9,"featured_media":1305,"comment_status":"closed","ping_status":"closed","sticky":false,"template":"","format":"standard","meta":{"_et_pb_use_builder":"","_et_pb_old_content":"","_et_gb_content_width":"","footnotes":""},"categories":[1,23],"tags":[142],"class_list":["post-1303","post","type-post","status-publish","format-standard","has-post-thumbnail","hentry","category-technologia","category-vasco","tag-r-faber"],"_links":{"self":[{"href":"https:\/\/vasco-electronics.pl\/artykuly\/wp-json\/wp\/v2\/posts\/1303","targetHints":{"allow":["GET"]}}],"collection":[{"href":"https:\/\/vasco-electronics.pl\/artykuly\/wp-json\/wp\/v2\/posts"}],"about":[{"href":"https:\/\/vasco-electronics.pl\/artykuly\/wp-json\/wp\/v2\/types\/post"}],"author":[{"embeddable":true,"href":"https:\/\/vasco-electronics.pl\/artykuly\/wp-json\/wp\/v2\/users\/9"}],"replies":[{"embeddable":true,"href":"https:\/\/vasco-electronics.pl\/artykuly\/wp-json\/wp\/v2\/comments?post=1303"}],"version-history":[{"count":10,"href":"https:\/\/vasco-electronics.pl\/artykuly\/wp-json\/wp\/v2\/posts\/1303\/revisions"}],"predecessor-version":[{"id":3611,"href":"https:\/\/vasco-electronics.pl\/artykuly\/wp-json\/wp\/v2\/posts\/1303\/revisions\/3611"}],"wp:featuredmedia":[{"embeddable":true,"href":"https:\/\/vasco-electronics.pl\/artykuly\/wp-json\/wp\/v2\/media\/1305"}],"wp:attachment":[{"href":"https:\/\/vasco-electronics.pl\/artykuly\/wp-json\/wp\/v2\/media?parent=1303"}],"wp:term":[{"taxonomy":"category","embeddable":true,"href":"https:\/\/vasco-electronics.pl\/artykuly\/wp-json\/wp\/v2\/categories?post=1303"},{"taxonomy":"post_tag","embeddable":true,"href":"https:\/\/vasco-electronics.pl\/artykuly\/wp-json\/wp\/v2\/tags?post=1303"}],"curies":[{"name":"wp","href":"https:\/\/api.w.org\/{rel}","templated":true}]}}